{"id":547,"date":"2025-09-24T16:28:40","date_gmt":"2025-09-24T14:28:40","guid":{"rendered":"http:\/\/gastroblog.myhannover.de\/?p=547"},"modified":"2025-09-24T16:31:06","modified_gmt":"2025-09-24T14:31:06","slug":"11a","status":"publish","type":"post","link":"http:\/\/gastroblog.myhannover.de\/?p=547","title":{"rendered":"11A"},"content":{"rendered":"\n<p>viele Monate liegt der letzte Besuch, damals in etwas gr\u00f6sserer Runde, zur\u00fcck, und sowieso schaff(t)en wir es doch bisher eher selten an diesen eigentlich so bew\u00e4hrten, l\u00e4ssigen Ort. Fr\u00fcher lag das insbesondere an der absolut schwachsinnigen Regelung, dass Reservierung erst ab 5 Personen m\u00f6glich war und n\u00f6, ich setz mich nicht eine halbe Stunde auf Fahrrad oder Bahn, um dann wieder abzuziehen. Aber mittlerweile wird das Lokal ja von einem neuen Team bewirtet und siehe da, das hat sich schon mal deutlich verbessert, ruckzuck habe ich f\u00fcr meinen Freund Klaus und mich online reserviert, mit nahe zu verz\u00f6gerungsfreier R\u00fcckbest\u00e4tigung, super. Ich schaue nochmal ins Gastroblog (auch ins alte), ob ich eigentlich schon mal einen Besuch beschrieben habe, aber nein, da gibt es bisher nix, also ran ans Werk.<\/p>\n\n\n\n<p>Leider ist es mittlerweile doch schon recht k\u00fchl geworden, so dass ich das nette Angebot der Servicekraft, alternativ auch draussen Platz zu nehmen, nicht annehme und es mir an einem der zahlreichen Zweiertische gem\u00fctlich mache. Klaus ist wenige Minuten sp\u00e4ter auch eingetroffen und somit kann unser kleiner kulinarischer Ausflug beginnen. Das Konzept hat ein paar pr\u00e4gnante Eckpfeiler, wie z.B. eine \u00fcbersichtliche Karte, sowie gute, wenn m\u00f6glich auch regionale Zutaten, einige vegane Optionen. Obwohl die Auswahl \u00fcbersichtlich ist, ist es gar nicht so einfach, sich zu entscheiden, aber letztlich haben wir unsere Wahl getroffen. Ich kann nicht widerstehen, eine Rose Cava als Aperitif zu verkosten, s\u00fcffig mit kr\u00e4ftiger, aber feiner Perlage, f\u00fcr den weiteren Verlauf des Essens haben wir uns f\u00fcr einen feinen Blanc de Noir vom Weingut Sack entschieden, toller Wein zu einem sehr fairen Preis.<\/p>\n\n\n\n<p>Als Vorspeise bekommt Klaus eine Pfifferlings Cremesuppe mit eingelegten Pfifferlingen, ich habe mich ganz simpel f\u00fcr das Sauerteigbrot mit Dip (Humus mit kleinen Applikationen) entschieden, beides mundet ganz vorz\u00fcglich und gibt eine gute Grundlage f\u00fcr den Wein&#8230;<\/p>\n\n\n\n<figure class=\"wp-block-gallery has-nested-images columns-default is-cropped wp-block-gallery-1 is-layout-flex wp-block-gallery-is-layout-flex\">\n<figure class=\"wp-block-image size-large\"><img loading=\"lazy\" decoding=\"async\" width=\"768\" height=\"1024\" data-id=\"548\" src=\"http:\/\/gastroblog.myhannover.de\/wp-content\/uploads\/2025\/09\/IMG_9387-768x1024.jpg\" alt=\"\" class=\"wp-image-548\" srcset=\"http:\/\/gastroblog.myhannover.de\/wp-content\/uploads\/2025\/09\/IMG_9387-768x1024.jpg 768w, http:\/\/gastroblog.myhannover.de\/wp-content\/uploads\/2025\/09\/IMG_9387-225x300.jpg 225w, http:\/\/gastroblog.myhannover.de\/wp-content\/uploads\/2025\/09\/IMG_9387-1152x1536.jpg 1152w, http:\/\/gastroblog.myhannover.de\/wp-content\/uploads\/2025\/09\/IMG_9387-1536x2048.jpg 1536w, http:\/\/gastroblog.myhannover.de\/wp-content\/uploads\/2025\/09\/IMG_9387-1568x2091.jpg 1568w, http:\/\/gastroblog.myhannover.de\/wp-content\/uploads\/2025\/09\/IMG_9387-scaled.jpg 1920w\" sizes=\"auto, (max-width: 768px) 100vw, 768px\" \/><figcaption class=\"wp-element-caption\">Pfifferlings Cremesuppe mit eingelegten Pfifferlingen<\/figcaption><\/figure>\n\n\n\n<figure class=\"wp-block-image size-large\"><img loading=\"lazy\" decoding=\"async\" width=\"768\" height=\"1024\" data-id=\"550\" src=\"http:\/\/gastroblog.myhannover.de\/wp-content\/uploads\/2025\/09\/IMG_9389-768x1024.jpg\" alt=\"\" class=\"wp-image-550\" srcset=\"http:\/\/gastroblog.myhannover.de\/wp-content\/uploads\/2025\/09\/IMG_9389-768x1024.jpg 768w, http:\/\/gastroblog.myhannover.de\/wp-content\/uploads\/2025\/09\/IMG_9389-225x300.jpg 225w, http:\/\/gastroblog.myhannover.de\/wp-content\/uploads\/2025\/09\/IMG_9389-1152x1536.jpg 1152w, http:\/\/gastroblog.myhannover.de\/wp-content\/uploads\/2025\/09\/IMG_9389-1536x2048.jpg 1536w, http:\/\/gastroblog.myhannover.de\/wp-content\/uploads\/2025\/09\/IMG_9389-1568x2091.jpg 1568w, http:\/\/gastroblog.myhannover.de\/wp-content\/uploads\/2025\/09\/IMG_9389-scaled.jpg 1920w\" sizes=\"auto, (max-width: 768px) 100vw, 768px\" \/><figcaption class=\"wp-element-caption\">Sauerteigbrot mit&#8230;<\/figcaption><\/figure>\n\n\n\n<figure class=\"wp-block-image size-large\"><img loading=\"lazy\" decoding=\"async\" width=\"768\" height=\"1024\" data-id=\"549\" src=\"http:\/\/gastroblog.myhannover.de\/wp-content\/uploads\/2025\/09\/IMG_9388-768x1024.jpg\" alt=\"\" class=\"wp-image-549\" srcset=\"http:\/\/gastroblog.myhannover.de\/wp-content\/uploads\/2025\/09\/IMG_9388-768x1024.jpg 768w, http:\/\/gastroblog.myhannover.de\/wp-content\/uploads\/2025\/09\/IMG_9388-225x300.jpg 225w, http:\/\/gastroblog.myhannover.de\/wp-content\/uploads\/2025\/09\/IMG_9388-1152x1536.jpg 1152w, http:\/\/gastroblog.myhannover.de\/wp-content\/uploads\/2025\/09\/IMG_9388-1536x2048.jpg 1536w, http:\/\/gastroblog.myhannover.de\/wp-content\/uploads\/2025\/09\/IMG_9388-1568x2091.jpg 1568w, http:\/\/gastroblog.myhannover.de\/wp-content\/uploads\/2025\/09\/IMG_9388-scaled.jpg 1920w\" sizes=\"auto, (max-width: 768px) 100vw, 768px\" \/><figcaption class=\"wp-element-caption\">&#8230; Dip<\/figcaption><\/figure>\n<\/figure>\n\n\n\n<p>Das Brot ist ganz wunderbar, r\u00f6sche Kruste und geschmacklich nicht so &#8222;over powered&#8220; wie wir es neulich an anderer Stelle hatten, so  kommen der Humus und seine &#8222;Applikationen&#8220; sehr gut zur Geltung.<\/p>\n\n\n\n<p>Wir bitten um eine kleine Pause vor dem Hauptgang, derweil sich das Restaurant zunehmend f\u00fcllt. Es herrscht eine angenehme, urban-lebendige Atmosph\u00e4re in diesem Mix aus privaten Zusammenk\u00fcnften und Gesch\u00e4ftsessen.<\/p>\n\n\n\n<p>Dann lassen wir uns den Hauptgang munden. Klaus bekommt eine der Tagesempfehlungen, Penne mit Kalbs-Bolognese, ich habe mich f\u00fcr einen Klassiker entschieden \ud83d\ude09<\/p>\n\n\n\n<figure class=\"wp-block-image size-large\"><img loading=\"lazy\" decoding=\"async\" width=\"768\" height=\"1024\" src=\"http:\/\/gastroblog.myhannover.de\/wp-content\/uploads\/2025\/09\/IMG_9390-768x1024.jpg\" alt=\"\" class=\"wp-image-551\" srcset=\"http:\/\/gastroblog.myhannover.de\/wp-content\/uploads\/2025\/09\/IMG_9390-768x1024.jpg 768w, http:\/\/gastroblog.myhannover.de\/wp-content\/uploads\/2025\/09\/IMG_9390-225x300.jpg 225w, http:\/\/gastroblog.myhannover.de\/wp-content\/uploads\/2025\/09\/IMG_9390-1152x1536.jpg 1152w, http:\/\/gastroblog.myhannover.de\/wp-content\/uploads\/2025\/09\/IMG_9390-1536x2048.jpg 1536w, http:\/\/gastroblog.myhannover.de\/wp-content\/uploads\/2025\/09\/IMG_9390-1568x2091.jpg 1568w, http:\/\/gastroblog.myhannover.de\/wp-content\/uploads\/2025\/09\/IMG_9390-scaled.jpg 1920w\" sizes=\"auto, (max-width: 768px) 100vw, 768px\" \/><figcaption class=\"wp-element-caption\">Penne mit Kalbs-Bolognese<\/figcaption><\/figure>\n\n\n\n<figure class=\"wp-block-image size-large\"><img loading=\"lazy\" decoding=\"async\" width=\"1024\" height=\"768\" src=\"http:\/\/gastroblog.myhannover.de\/wp-content\/uploads\/2025\/09\/IMG_9391-1024x768.jpg\" alt=\"\" class=\"wp-image-552\" srcset=\"http:\/\/gastroblog.myhannover.de\/wp-content\/uploads\/2025\/09\/IMG_9391-1024x768.jpg 1024w, http:\/\/gastroblog.myhannover.de\/wp-content\/uploads\/2025\/09\/IMG_9391-300x225.jpg 300w, http:\/\/gastroblog.myhannover.de\/wp-content\/uploads\/2025\/09\/IMG_9391-768x576.jpg 768w, http:\/\/gastroblog.myhannover.de\/wp-content\/uploads\/2025\/09\/IMG_9391-1536x1152.jpg 1536w, http:\/\/gastroblog.myhannover.de\/wp-content\/uploads\/2025\/09\/IMG_9391-2048x1536.jpg 2048w, http:\/\/gastroblog.myhannover.de\/wp-content\/uploads\/2025\/09\/IMG_9391-1568x1176.jpg 1568w\" sizes=\"auto, (max-width: 1024px) 100vw, 1024px\" \/><figcaption class=\"wp-element-caption\">Kalbsschnitzel in Butterschmalz gebraten mit Kartoffelsalat,<br>smashed Gurken und Kapern-Zitronen-Butter (oder Preiselbeeren nach Wahl)<\/figcaption><\/figure>\n\n\n\n<p>Am Ende unserer Teller sind wir pappsatt, es gibt da wirklich nichts zu meckern, Geschmack und Portionsgr\u00f6sse, einfach nur top.<\/p>\n\n\n\n<p>Dennoch steht mir der Sinn noch nach einer Eiskugel, ich frage, ob es das Sorbet aus einer der Dessert-Optionen auch separat gibt. Kein Problem, es gibt sogar mehrere Sorten zu Auswahl. <\/p>\n\n\n\n<figure class=\"wp-block-image size-large\"><img loading=\"lazy\" decoding=\"async\" width=\"768\" height=\"1024\" src=\"http:\/\/gastroblog.myhannover.de\/wp-content\/uploads\/2025\/09\/IMG_9392-768x1024.jpg\" alt=\"\" class=\"wp-image-553\" srcset=\"http:\/\/gastroblog.myhannover.de\/wp-content\/uploads\/2025\/09\/IMG_9392-768x1024.jpg 768w, http:\/\/gastroblog.myhannover.de\/wp-content\/uploads\/2025\/09\/IMG_9392-225x300.jpg 225w, http:\/\/gastroblog.myhannover.de\/wp-content\/uploads\/2025\/09\/IMG_9392-1152x1536.jpg 1152w, http:\/\/gastroblog.myhannover.de\/wp-content\/uploads\/2025\/09\/IMG_9392-1536x2048.jpg 1536w, http:\/\/gastroblog.myhannover.de\/wp-content\/uploads\/2025\/09\/IMG_9392-1568x2091.jpg 1568w, http:\/\/gastroblog.myhannover.de\/wp-content\/uploads\/2025\/09\/IMG_9392-scaled.jpg 1920w\" sizes=\"auto, (max-width: 768px) 100vw, 768px\" \/><\/figure>\n\n\n\n<p>Ich entscheide mich f\u00fcr Himbeere, die Cremigkeit ist zwar nicht auf &#8222;PacoJet&#8220;-Niveau, aber dennoch ein perfekter Abschluss dieses vorz\u00fcglichen Abendessens. Da kommen wir bestimmt wieder!<\/p>\n\n\n\n<p>\/<a href=\"https:\/\/www.11a-restaurant.de\">https:\/\/www.11a-restaurant.de<\/a><\/p>\n\n\n\n<p><\/p>\n","protected":false},"excerpt":{"rendered":"<p>viele Monate liegt der letzte Besuch, damals in etwas gr\u00f6sserer Runde, zur\u00fcck, und sowieso schaff(t)en wir es doch bisher eher selten an diesen eigentlich so bew\u00e4hrten, l\u00e4ssigen Ort. Fr\u00fcher lag das insbesondere an der absolut schwachsinnigen Regelung, dass Reservierung erst ab 5 Personen m\u00f6glich war und n\u00f6, ich setz mich nicht eine halbe Stunde auf&hellip; <a class=\"more-link\" href=\"http:\/\/gastroblog.myhannover.de\/?p=547\"><span class=\"screen-reader-text\">11A<\/span> weiterlesen<\/a><\/p>\n","protected":false},"author":1,"featured_media":549,"comment_status":"closed","ping_status":"closed","sticky":false,"template":"","format":"standard","meta":{"footnotes":""},"categories":[2],"tags":[31,29,32],"class_list":["post-547","post","type-post","status-publish","format-standard","has-post-thumbnail","hentry","category-restaurantbesuch","tag-easy-going","tag-vegan","tag-zutaten-aware","entry"],"_links":{"self":[{"href":"http:\/\/gastroblog.myhannover.de\/index.php?rest_route=\/wp\/v2\/posts\/547","targetHints":{"allow":["GET"]}}],"collection":[{"href":"http:\/\/gastroblog.myhannover.de\/index.php?rest_route=\/wp\/v2\/posts"}],"about":[{"href":"http:\/\/gastroblog.myhannover.de\/index.php?rest_route=\/wp\/v2\/types\/post"}],"author":[{"embeddable":true,"href":"http:\/\/gastroblog.myhannover.de\/index.php?rest_route=\/wp\/v2\/users\/1"}],"replies":[{"embeddable":true,"href":"http:\/\/gastroblog.myhannover.de\/index.php?rest_route=%2Fwp%2Fv2%2Fcomments&post=547"}],"version-history":[{"count":6,"href":"http:\/\/gastroblog.myhannover.de\/index.php?rest_route=\/wp\/v2\/posts\/547\/revisions"}],"predecessor-version":[{"id":559,"href":"http:\/\/gastroblog.myhannover.de\/index.php?rest_route=\/wp\/v2\/posts\/547\/revisions\/559"}],"wp:featuredmedia":[{"embeddable":true,"href":"http:\/\/gastroblog.myhannover.de\/index.php?rest_route=\/wp\/v2\/media\/549"}],"wp:attachment":[{"href":"http:\/\/gastroblog.myhannover.de\/index.php?rest_route=%2Fwp%2Fv2%2Fmedia&parent=547"}],"wp:term":[{"taxonomy":"category","embeddable":true,"href":"http:\/\/gastroblog.myhannover.de\/index.php?rest_route=%2Fwp%2Fv2%2Fcategories&post=547"},{"taxonomy":"post_tag","embeddable":true,"href":"http:\/\/gastroblog.myhannover.de\/index.php?rest_route=%2Fwp%2Fv2%2Ftags&post=547"}],"curies":[{"name":"wp","href":"https:\/\/api.w.org\/{rel}","templated":true}]}}