{"id":480,"date":"2025-04-02T17:58:56","date_gmt":"2025-04-02T15:58:56","guid":{"rendered":"http:\/\/gastroblog.myhannover.de\/?p=480"},"modified":"2025-04-04T10:48:13","modified_gmt":"2025-04-04T08:48:13","slug":"casa-verde-lissabon","status":"publish","type":"post","link":"http:\/\/gastroblog.myhannover.de\/?p=480","title":{"rendered":"Casa Verde Lissabon"},"content":{"rendered":"\n<p>Unter dem Motto &#8222;Der Ort ist das Ziel&#8220; bekocht das Casa Verde seit einigen Monaten die Hannoveraner Gastroszene und wir haben nun endlich die gut 5 Wochen dauernde Wartezeit auf einen Tisch bew\u00e4ltigt. Der Ansturm sei gigantisch, so berichtete die Wirtin Verena seinerzeit bei der Reservierung und der euphorische Artikel von Hannes Finkbeiner in der HAZ war da sicherlich auch dran beteiligt. Aber das Wesentliche d\u00fcrften so einige Faktoren sein, wie die kultige Lage, versteckt auf einem Industriehof in Hainholz, die stylisch-l\u00e4ssige Innengestaltung, die lebhafte Atmosph\u00e4re, die freundliche Begr\u00fcssung und vor allem: geiles Essen! Portugiesische K\u00fcche ist in Hannover sowieso selten geworden und dann mit einer minimalistischen Karte in Top-Qualit\u00e4t und grossem &#8222;Yummi&#8220;-Faktor, schwer hier nicht begeistert zu sein.<\/p>\n\n\n\n<p>Ich g\u00f6nne mir zum Aperitif eine Cava&#8230; genauer gesagt einen Pet Nat Verdugo. Wollte ich ja eigentlich nicht mehr probieren, war aber zu neugierig. Aber dieser schmeckte sehr lecker, war erfrischend und hatte ordentlich &#8222;Prickel&#8220;.<\/p>\n\n\n\n<p>Nachdem wir mit Getr\u00e4nken erst einmal versorgt sind, geht es ans Studium der handlichen Karte. Trotzdem gar nicht so einfach sich zu entscheiden, denn es gibt einige durchaus seltenere Angebote wie Kalbszunge und Schweineohr&#8230; Ich entscheide mich allerdings vorweg f\u00fcr Jahrgangs-\u00d6l-Sardine auf gekochtem Ei und hausgemachter Mayonnaise, mein Freund Klaus w\u00e4hlt die gebackenen Riesen-Garnelen mit hausgemachter Piri-Piri-Sauce. Die folgenden Bilder sprechen glaube ich f\u00fcr sich, das war schlicht und echt k\u00f6stlich:<\/p>\n\n\n\n<figure class=\"wp-block-image size-large\"><img loading=\"lazy\" decoding=\"async\" width=\"768\" height=\"1024\" src=\"http:\/\/gastroblog.myhannover.de\/wp-content\/uploads\/2025\/04\/Gross-IMG_9187-768x1024.jpeg\" alt=\"\" class=\"wp-image-482\" srcset=\"http:\/\/gastroblog.myhannover.de\/wp-content\/uploads\/2025\/04\/Gross-IMG_9187-768x1024.jpeg 768w, http:\/\/gastroblog.myhannover.de\/wp-content\/uploads\/2025\/04\/Gross-IMG_9187-225x300.jpeg 225w, http:\/\/gastroblog.myhannover.de\/wp-content\/uploads\/2025\/04\/Gross-IMG_9187.jpeg 960w\" sizes=\"auto, (max-width: 768px) 100vw, 768px\" \/><\/figure>\n\n\n\n<figure class=\"wp-block-image size-large\"><img loading=\"lazy\" decoding=\"async\" width=\"768\" height=\"1024\" src=\"http:\/\/gastroblog.myhannover.de\/wp-content\/uploads\/2025\/04\/Gross-IMG_9186-768x1024.jpeg\" alt=\"\" class=\"wp-image-481\" srcset=\"http:\/\/gastroblog.myhannover.de\/wp-content\/uploads\/2025\/04\/Gross-IMG_9186-768x1024.jpeg 768w, http:\/\/gastroblog.myhannover.de\/wp-content\/uploads\/2025\/04\/Gross-IMG_9186-225x300.jpeg 225w, http:\/\/gastroblog.myhannover.de\/wp-content\/uploads\/2025\/04\/Gross-IMG_9186.jpeg 960w\" sizes=\"auto, (max-width: 768px) 100vw, 768px\" \/><\/figure>\n\n\n\n<p>Mittlerweile haben wir uns auch einen Wein ausgesucht, auf Anraten der Servicekraft gibt es einen verh\u00e4ltnism\u00e4ssig kr\u00e4ftigen weissen &#8222;Quinta de San`t Ana Branco Cuv\u00e9e bio&#8220;, ein sch\u00f6ner Essensbegleiter.<\/p>\n\n\n\n<p>Obwohl es wirklich voll ist, geht es nach einer angemessenen Pause mit den Hauptg\u00e4ngen weiter, ich habe mich f\u00fcr die &#8222;Caldeirada&#8220; entschieden, einen portugiesischen Fischtopf, Spitze. Klaus geniesst derweil &#8222;Bacalhao Casa Verde Style&#8220;, ebenfalls ein Gedicht:<\/p>\n\n\n\n<figure class=\"wp-block-image size-large\"><img loading=\"lazy\" decoding=\"async\" width=\"768\" height=\"1024\" src=\"http:\/\/gastroblog.myhannover.de\/wp-content\/uploads\/2025\/04\/Gross-IMG_9189-768x1024.jpeg\" alt=\"\" class=\"wp-image-484\" srcset=\"http:\/\/gastroblog.myhannover.de\/wp-content\/uploads\/2025\/04\/Gross-IMG_9189-768x1024.jpeg 768w, http:\/\/gastroblog.myhannover.de\/wp-content\/uploads\/2025\/04\/Gross-IMG_9189-225x300.jpeg 225w, http:\/\/gastroblog.myhannover.de\/wp-content\/uploads\/2025\/04\/Gross-IMG_9189.jpeg 960w\" sizes=\"auto, (max-width: 768px) 100vw, 768px\" \/><\/figure>\n\n\n\n<figure class=\"wp-block-image size-large\"><img loading=\"lazy\" decoding=\"async\" width=\"768\" height=\"1024\" src=\"http:\/\/gastroblog.myhannover.de\/wp-content\/uploads\/2025\/04\/Gross-IMG_9188-768x1024.jpeg\" alt=\"\" class=\"wp-image-483\" srcset=\"http:\/\/gastroblog.myhannover.de\/wp-content\/uploads\/2025\/04\/Gross-IMG_9188-768x1024.jpeg 768w, http:\/\/gastroblog.myhannover.de\/wp-content\/uploads\/2025\/04\/Gross-IMG_9188-225x300.jpeg 225w, http:\/\/gastroblog.myhannover.de\/wp-content\/uploads\/2025\/04\/Gross-IMG_9188.jpeg 960w\" sizes=\"auto, (max-width: 768px) 100vw, 768px\" \/><\/figure>\n\n\n\n<p><\/p>\n\n\n\n<p>Und dann gibt es noch einen Nachtisch, dessen Bestellung zwar kurzzeitig &#8222;versackt&#8220; war, daf\u00fcr aber umso leckerer, Christophs hausgemachtes Softeis und eine frischgebackene Pastel de Nata. Und obwohl es vom Eis sogar noch Nachschlag gab, habe ich glatt das Foto vergessen, bl\u00f6d.<\/p>\n\n\n\n<p>Anfahrt mit der U-Bahn ist easy, die Haltestelle liegt nur wenige hundert Meter vom Lokal entfernt. Ge\u00f6ffnet ist das Casa Verde allerdings nur Dienstags und Mittwochs&#8230;<\/p>\n\n\n\n<p>Fazit: schwierig einen Tisch zu bekommen und das v\u00f6llig zurecht. Hier stimmt wirklich alles und einem genussvollen Abend steht nichts im Wege.<\/p>\n\n\n\n<p>\/<a href=\"https:\/\/www.casaverdelissabon.de\/\">https:\/\/www.casaverdelissabon.de\/<\/a><\/p>\n\n\n\n<p>Wochenkarte vom 1. April 2025<\/p>\n\n\n\n<figure class=\"wp-block-image size-large\"><img loading=\"lazy\" decoding=\"async\" width=\"722\" height=\"1024\" src=\"http:\/\/gastroblog.myhannover.de\/wp-content\/uploads\/2025\/04\/2025_0401_Wochenkarte-1-pdf-722x1024.jpg\" alt=\"\" class=\"wp-image-492\"\/><\/figure>\n\n\n\n<figure class=\"wp-block-image size-large\"><img loading=\"lazy\" decoding=\"async\" width=\"724\" height=\"1024\" src=\"http:\/\/gastroblog.myhannover.de\/wp-content\/uploads\/2025\/04\/2025_0401a_Wochenkarte-pdf-724x1024.jpg\" alt=\"\" class=\"wp-image-495\"\/><\/figure>\n\n\n\n<p><\/p>\n","protected":false},"excerpt":{"rendered":"<p>Unter dem Motto &#8222;Der Ort ist das Ziel&#8220; bekocht das Casa Verde seit einigen Monaten die Hannoveraner Gastroszene und wir haben nun endlich die gut 5 Wochen dauernde Wartezeit auf einen Tisch bew\u00e4ltigt. Der Ansturm sei gigantisch, so berichtete die Wirtin Verena seinerzeit bei der Reservierung und der euphorische Artikel von Hannes Finkbeiner in der&hellip; <a class=\"more-link\" href=\"http:\/\/gastroblog.myhannover.de\/?p=480\"><span class=\"screen-reader-text\">Casa Verde Lissabon<\/span> weiterlesen<\/a><\/p>\n","protected":false},"author":1,"featured_media":483,"comment_status":"closed","ping_status":"closed","sticky":false,"template":"","format":"standard","meta":{"footnotes":""},"categories":[2],"tags":[30],"class_list":["post-480","post","type-post","status-publish","format-standard","has-post-thumbnail","hentry","category-restaurantbesuch","tag-portugal","entry"],"_links":{"self":[{"href":"http:\/\/gastroblog.myhannover.de\/index.php?rest_route=\/wp\/v2\/posts\/480","targetHints":{"allow":["GET"]}}],"collection":[{"href":"http:\/\/gastroblog.myhannover.de\/index.php?rest_route=\/wp\/v2\/posts"}],"about":[{"href":"http:\/\/gastroblog.myhannover.de\/index.php?rest_route=\/wp\/v2\/types\/post"}],"author":[{"embeddable":true,"href":"http:\/\/gastroblog.myhannover.de\/index.php?rest_route=\/wp\/v2\/users\/1"}],"replies":[{"embeddable":true,"href":"http:\/\/gastroblog.myhannover.de\/index.php?rest_route=%2Fwp%2Fv2%2Fcomments&post=480"}],"version-history":[{"count":8,"href":"http:\/\/gastroblog.myhannover.de\/index.php?rest_route=\/wp\/v2\/posts\/480\/revisions"}],"predecessor-version":[{"id":496,"href":"http:\/\/gastroblog.myhannover.de\/index.php?rest_route=\/wp\/v2\/posts\/480\/revisions\/496"}],"wp:featuredmedia":[{"embeddable":true,"href":"http:\/\/gastroblog.myhannover.de\/index.php?rest_route=\/wp\/v2\/media\/483"}],"wp:attachment":[{"href":"http:\/\/gastroblog.myhannover.de\/index.php?rest_route=%2Fwp%2Fv2%2Fmedia&parent=480"}],"wp:term":[{"taxonomy":"category","embeddable":true,"href":"http:\/\/gastroblog.myhannover.de\/index.php?rest_route=%2Fwp%2Fv2%2Fcategories&post=480"},{"taxonomy":"post_tag","embeddable":true,"href":"http:\/\/gastroblog.myhannover.de\/index.php?rest_route=%2Fwp%2Fv2%2Ftags&post=480"}],"curies":[{"name":"wp","href":"https:\/\/api.w.org\/{rel}","templated":true}]}}