{"id":444,"date":"2025-02-08T16:18:34","date_gmt":"2025-02-08T15:18:34","guid":{"rendered":"http:\/\/gastroblog.myhannover.de\/?p=444"},"modified":"2025-02-08T16:20:22","modified_gmt":"2025-02-08T15:20:22","slug":"ruepel","status":"publish","type":"post","link":"http:\/\/gastroblog.myhannover.de\/?p=444","title":{"rendered":"R\u00fcpel"},"content":{"rendered":"\n<p>Was denn, gleich schon wieder ein Besuchsbericht? Der gestrige war ja schon ein Weilchen \u00fcberf\u00e4llig, aber der Ausflug gestern Abend war so spannend, dass ich sogleich dar\u00fcber berichten muss. <\/p>\n\n\n\n<p>Wir hatten mit unserer Freundin Sabine schon l\u00e4nger den Plan gefasst, dem &#8222;R\u00fcpel&#8220; in Linden einen Besuch abzustatten, ist es doch schon des \u00f6fteren positiv besprochen worden und weist die Besonderheit auf, ein &#8222;pflanzenbasiertes&#8220; Restaurant zu sein mit veganer Orientierung. Aber letztes Jahr wurde umgebaut und in der Vorweihnachtszeit lief gar nichts (immer ausgebucht) , aber nach dem Besuch ist auch klar warum, das Restaurant ist wirklich klein, vielleicht 20 Pl\u00e4tze, die sehr begehrt sind. Es gibt daher auch &#8222;Schichtbetrieb&#8220;, wir haben uns f\u00fcr die zweite Schicht entschieden, denn bei 6 G\u00e4ngen sind die gut 2h der Fr\u00fchschicht doch etwas knapp. So stehen wir um kurz nach 20 Uhr vor dem Lokal, w\u00e4hrend die erste Schicht zum Ende kommt. Das Lokal ist so kompakt, dass erstmal alle raus m\u00fcssen, damit es weitergeht. Zun\u00e4chst einmal gef\u00e4llt die geschmackvolle Einrichtung mit starkem Kontrast der Holztische zu den dunklen W\u00e4nden, modern, urban, das w\u00fcrde auch in NYC gut ankommen. Nach dem wir Platz genommen haben, legt sich das Gewusel und wir werden entspannt \u00fcber Restaurant und seine Gegebenheiten informiert. Einiges wussten wir schon, insbesondere, dass es eben ein festes Men\u00fc gibt, optional mit Wasser-Flatrate und einem Wein- bzw. Getr\u00e4nkepairing, je nachdem, ob man Alkohol trinken m\u00f6chte oder nicht. <\/p>\n\n\n\n<figure class=\"wp-block-image size-large\"><img loading=\"lazy\" decoding=\"async\" width=\"768\" height=\"1024\" src=\"http:\/\/gastroblog.myhannover.de\/wp-content\/uploads\/2025\/02\/Gross-IMG_9148-768x1024.jpeg\" alt=\"\" class=\"wp-image-450\" srcset=\"http:\/\/gastroblog.myhannover.de\/wp-content\/uploads\/2025\/02\/Gross-IMG_9148-768x1024.jpeg 768w, http:\/\/gastroblog.myhannover.de\/wp-content\/uploads\/2025\/02\/Gross-IMG_9148-225x300.jpeg 225w, http:\/\/gastroblog.myhannover.de\/wp-content\/uploads\/2025\/02\/Gross-IMG_9148.jpeg 960w\" sizes=\"auto, (max-width: 768px) 100vw, 768px\" \/><\/figure>\n\n\n\n<p>Das ist also schon mal easy, zun\u00e4chst g\u00f6nnen wir uns allerdings einen Aperitif (Portwein\/Tonic bzw. Schaumwein), ein sch\u00f6ner Start zu dem auch kurzfristig bereitgestellten Gruss aus der K\u00fcche, mit dem die Reise ins Abenteuerland der pflanzenbasierten KochKUNST beginnt, ja Kunst, anders l\u00e4sst sich das nicht beschreiben.<\/p>\n\n\n\n<figure class=\"wp-block-image size-large\"><img loading=\"lazy\" decoding=\"async\" width=\"768\" height=\"1024\" src=\"http:\/\/gastroblog.myhannover.de\/wp-content\/uploads\/2025\/02\/Gross-IMG_9143-768x1024.jpeg\" alt=\"\" class=\"wp-image-446\" srcset=\"http:\/\/gastroblog.myhannover.de\/wp-content\/uploads\/2025\/02\/Gross-IMG_9143-768x1024.jpeg 768w, http:\/\/gastroblog.myhannover.de\/wp-content\/uploads\/2025\/02\/Gross-IMG_9143-225x300.jpeg 225w, http:\/\/gastroblog.myhannover.de\/wp-content\/uploads\/2025\/02\/Gross-IMG_9143.jpeg 960w\" sizes=\"auto, (max-width: 768px) 100vw, 768px\" \/><figcaption class=\"wp-element-caption\">Gem\u00fcse-&#8222;Tee&#8220; und Fallafel-B\u00e4llchen<\/figcaption><\/figure>\n\n\n\n<p>Allein dieser kleine Gruss bringt schon so viel Spannung und Tiefe mit, da freuen wir uns auf die kommenden G\u00e4nge. Zun\u00e4chst aber Brotzeit &#8230;<\/p>\n\n\n\n<figure class=\"wp-block-image size-large\"><img loading=\"lazy\" decoding=\"async\" width=\"1024\" height=\"768\" src=\"http:\/\/gastroblog.myhannover.de\/wp-content\/uploads\/2025\/02\/Gross-IMG_9145-1024x768.jpeg\" alt=\"\" class=\"wp-image-447\" srcset=\"http:\/\/gastroblog.myhannover.de\/wp-content\/uploads\/2025\/02\/Gross-IMG_9145-1024x768.jpeg 1024w, http:\/\/gastroblog.myhannover.de\/wp-content\/uploads\/2025\/02\/Gross-IMG_9145-300x225.jpeg 300w, http:\/\/gastroblog.myhannover.de\/wp-content\/uploads\/2025\/02\/Gross-IMG_9145-768x576.jpeg 768w, http:\/\/gastroblog.myhannover.de\/wp-content\/uploads\/2025\/02\/Gross-IMG_9145.jpeg 1280w\" sizes=\"auto, (max-width: 1024px) 100vw, 1024px\" \/><figcaption class=\"wp-element-caption\">Brotzeit<\/figcaption><\/figure>\n\n\n\n<p>Eine Butter aus Sonnenblumenkernen, eine Art Kn\u00e4ckebrot und frisches Graubrot, da muss man sich schon zusammenreissen, dass man das nicht gleich alles auf einmal weg mampft.<\/p>\n\n\n\n<p>Und dann kommt der erste Wein und der erste Gang. Die Sommeliere erl\u00e4utert ausf\u00fchrlich den Wein (die Weine sind nahezu alle Bio bzw. Bio dynamisch produziert) und warum es zu dem Pairing gekommen ist. Und wie sich herausstellt, hat sie ein sehr gutes H\u00e4ndchen, Harmonie zwischen Speis und Trank zu bringen, wobei die Weine allesamt durch ihre sehr eigenen Charakteristiken bestechen, das hat mit dem sonst \u00fcblichen Einerlei vieler Gastrobelieferungen nichts zu tun.<\/p>\n\n\n\n<p>Nun folgt die Bildergalerie der sechs G\u00e4nge und es bleibt festzuhalten, es ist einfach wahnsinnig lecker, wirklich nie kommt das Gef\u00fchl auf, da m\u00fcsste jetzt aber ein sch\u00f6nes St\u00fcck Fleisch oder Fisch hinzu. Ganz im Gegenteil hat man eher das Gef\u00fchl, das w\u00fcrde die jeweilige Kompostion aus dem Tritt bringen, da sie ja auch f\u00fcr sich alleinstehend konzipiert und das Gem\u00fcse keine &#8222;Beilage&#8220; ist. Und durchg\u00e4ngig bleibt die Stimmigkeit mit den dazu kredenzten Weinen.<\/p>\n\n\n\n<p>Leider habe ich nicht alle G\u00e4nge fotografisch festgehalten, irgendwie hat mir die Kamera einen Streich gespielt \ud83d\ude41<\/p>\n\n\n\n<figure class=\"wp-block-gallery has-nested-images columns-default is-cropped wp-block-gallery-1 is-layout-flex wp-block-gallery-is-layout-flex\">\n<figure class=\"wp-block-image size-large\"><img loading=\"lazy\" decoding=\"async\" width=\"768\" height=\"1024\" data-id=\"449\" src=\"http:\/\/gastroblog.myhannover.de\/wp-content\/uploads\/2025\/02\/Gross-IMG_9147-768x1024.jpeg\" alt=\"\" class=\"wp-image-449\" srcset=\"http:\/\/gastroblog.myhannover.de\/wp-content\/uploads\/2025\/02\/Gross-IMG_9147-768x1024.jpeg 768w, http:\/\/gastroblog.myhannover.de\/wp-content\/uploads\/2025\/02\/Gross-IMG_9147-225x300.jpeg 225w, http:\/\/gastroblog.myhannover.de\/wp-content\/uploads\/2025\/02\/Gross-IMG_9147.jpeg 960w\" sizes=\"auto, (max-width: 768px) 100vw, 768px\" \/><figcaption class=\"wp-element-caption\">zu Spitzkohl \/ Zwiebel \/ Sauerkirsche \/ Dukkah<\/figcaption><\/figure>\n\n\n\n<figure class=\"wp-block-image size-large\"><img loading=\"lazy\" decoding=\"async\" width=\"768\" height=\"1024\" data-id=\"454\" src=\"http:\/\/gastroblog.myhannover.de\/wp-content\/uploads\/2025\/02\/Gross-IMG_9152-768x1024.jpeg\" alt=\"\" class=\"wp-image-454\" srcset=\"http:\/\/gastroblog.myhannover.de\/wp-content\/uploads\/2025\/02\/Gross-IMG_9152-768x1024.jpeg 768w, http:\/\/gastroblog.myhannover.de\/wp-content\/uploads\/2025\/02\/Gross-IMG_9152-225x300.jpeg 225w, http:\/\/gastroblog.myhannover.de\/wp-content\/uploads\/2025\/02\/Gross-IMG_9152.jpeg 960w\" sizes=\"auto, (max-width: 768px) 100vw, 768px\" \/><figcaption class=\"wp-element-caption\">Kr\u00e4uterseitling \/ Tomate \/ schwarzer Knoblauch\/ Liebst\u00f6ckel<\/figcaption><\/figure>\n\n\n\n<figure class=\"wp-block-image size-large\"><img loading=\"lazy\" decoding=\"async\" width=\"768\" height=\"1024\" data-id=\"453\" src=\"http:\/\/gastroblog.myhannover.de\/wp-content\/uploads\/2025\/02\/Gross-IMG_9151-768x1024.jpeg\" alt=\"\" class=\"wp-image-453\" srcset=\"http:\/\/gastroblog.myhannover.de\/wp-content\/uploads\/2025\/02\/Gross-IMG_9151-768x1024.jpeg 768w, http:\/\/gastroblog.myhannover.de\/wp-content\/uploads\/2025\/02\/Gross-IMG_9151-225x300.jpeg 225w, http:\/\/gastroblog.myhannover.de\/wp-content\/uploads\/2025\/02\/Gross-IMG_9151.jpeg 960w\" sizes=\"auto, (max-width: 768px) 100vw, 768px\" \/><\/figure>\n\n\n\n<figure class=\"wp-block-image size-large\"><img loading=\"lazy\" decoding=\"async\" width=\"768\" height=\"1024\" data-id=\"456\" src=\"http:\/\/gastroblog.myhannover.de\/wp-content\/uploads\/2025\/02\/Gross-IMG_9154-768x1024.jpeg\" alt=\"\" class=\"wp-image-456\" srcset=\"http:\/\/gastroblog.myhannover.de\/wp-content\/uploads\/2025\/02\/Gross-IMG_9154-768x1024.jpeg 768w, http:\/\/gastroblog.myhannover.de\/wp-content\/uploads\/2025\/02\/Gross-IMG_9154-225x300.jpeg 225w, http:\/\/gastroblog.myhannover.de\/wp-content\/uploads\/2025\/02\/Gross-IMG_9154.jpeg 960w\" sizes=\"auto, (max-width: 768px) 100vw, 768px\" \/><figcaption class=\"wp-element-caption\">Kartoffel \/ Gr\u00fcnkohl \/ Shitake<\/figcaption><\/figure>\n\n\n\n<figure class=\"wp-block-image size-large\"><img loading=\"lazy\" decoding=\"async\" width=\"768\" height=\"1024\" data-id=\"455\" src=\"http:\/\/gastroblog.myhannover.de\/wp-content\/uploads\/2025\/02\/Gross-IMG_9153-768x1024.jpeg\" alt=\"\" class=\"wp-image-455\" srcset=\"http:\/\/gastroblog.myhannover.de\/wp-content\/uploads\/2025\/02\/Gross-IMG_9153-768x1024.jpeg 768w, http:\/\/gastroblog.myhannover.de\/wp-content\/uploads\/2025\/02\/Gross-IMG_9153-225x300.jpeg 225w, http:\/\/gastroblog.myhannover.de\/wp-content\/uploads\/2025\/02\/Gross-IMG_9153.jpeg 960w\" sizes=\"auto, (max-width: 768px) 100vw, 768px\" \/><\/figure>\n\n\n\n<figure class=\"wp-block-image size-large\"><img loading=\"lazy\" decoding=\"async\" width=\"768\" height=\"1024\" data-id=\"458\" src=\"http:\/\/gastroblog.myhannover.de\/wp-content\/uploads\/2025\/02\/Gross-IMG_9156-768x1024.jpeg\" alt=\"\" class=\"wp-image-458\" srcset=\"http:\/\/gastroblog.myhannover.de\/wp-content\/uploads\/2025\/02\/Gross-IMG_9156-768x1024.jpeg 768w, http:\/\/gastroblog.myhannover.de\/wp-content\/uploads\/2025\/02\/Gross-IMG_9156-225x300.jpeg 225w, http:\/\/gastroblog.myhannover.de\/wp-content\/uploads\/2025\/02\/Gross-IMG_9156.jpeg 960w\" sizes=\"auto, (max-width: 768px) 100vw, 768px\" \/><figcaption class=\"wp-element-caption\">Alge \/ Fenchel \/ Raps<\/figcaption><\/figure>\n\n\n\n<figure class=\"wp-block-image size-large\"><img loading=\"lazy\" decoding=\"async\" width=\"768\" height=\"1024\" data-id=\"457\" src=\"http:\/\/gastroblog.myhannover.de\/wp-content\/uploads\/2025\/02\/Gross-IMG_9155-768x1024.jpeg\" alt=\"\" class=\"wp-image-457\" srcset=\"http:\/\/gastroblog.myhannover.de\/wp-content\/uploads\/2025\/02\/Gross-IMG_9155-768x1024.jpeg 768w, http:\/\/gastroblog.myhannover.de\/wp-content\/uploads\/2025\/02\/Gross-IMG_9155-225x300.jpeg 225w, http:\/\/gastroblog.myhannover.de\/wp-content\/uploads\/2025\/02\/Gross-IMG_9155.jpeg 960w\" sizes=\"auto, (max-width: 768px) 100vw, 768px\" \/><\/figure>\n\n\n\n<figure class=\"wp-block-image size-large\"><img loading=\"lazy\" decoding=\"async\" width=\"768\" height=\"1024\" data-id=\"459\" src=\"http:\/\/gastroblog.myhannover.de\/wp-content\/uploads\/2025\/02\/Gross-IMG_9157-768x1024.jpeg\" alt=\"\" class=\"wp-image-459\" srcset=\"http:\/\/gastroblog.myhannover.de\/wp-content\/uploads\/2025\/02\/Gross-IMG_9157-768x1024.jpeg 768w, http:\/\/gastroblog.myhannover.de\/wp-content\/uploads\/2025\/02\/Gross-IMG_9157-225x300.jpeg 225w, http:\/\/gastroblog.myhannover.de\/wp-content\/uploads\/2025\/02\/Gross-IMG_9157.jpeg 960w\" sizes=\"auto, (max-width: 768px) 100vw, 768px\" \/><figcaption class=\"wp-element-caption\">zu Igelstachelbart \/ Sellerie \/ Haselnuss \/ Apfel \/ Meerrettich<\/figcaption><\/figure>\n\n\n\n<figure class=\"wp-block-image size-large\"><img loading=\"lazy\" decoding=\"async\" width=\"768\" height=\"1024\" data-id=\"461\" src=\"http:\/\/gastroblog.myhannover.de\/wp-content\/uploads\/2025\/02\/Gross-IMG_9159-768x1024.jpeg\" alt=\"\" class=\"wp-image-461\" srcset=\"http:\/\/gastroblog.myhannover.de\/wp-content\/uploads\/2025\/02\/Gross-IMG_9159-768x1024.jpeg 768w, http:\/\/gastroblog.myhannover.de\/wp-content\/uploads\/2025\/02\/Gross-IMG_9159-225x300.jpeg 225w, http:\/\/gastroblog.myhannover.de\/wp-content\/uploads\/2025\/02\/Gross-IMG_9159.jpeg 960w\" sizes=\"auto, (max-width: 768px) 100vw, 768px\" \/><figcaption class=\"wp-element-caption\">Kerbel \/ Pastinake \/ Cranberry<\/figcaption><\/figure>\n\n\n\n<figure class=\"wp-block-image size-large\"><img loading=\"lazy\" decoding=\"async\" width=\"768\" height=\"1024\" data-id=\"460\" src=\"http:\/\/gastroblog.myhannover.de\/wp-content\/uploads\/2025\/02\/Gross-IMG_9158-768x1024.jpeg\" alt=\"\" class=\"wp-image-460\" srcset=\"http:\/\/gastroblog.myhannover.de\/wp-content\/uploads\/2025\/02\/Gross-IMG_9158-768x1024.jpeg 768w, http:\/\/gastroblog.myhannover.de\/wp-content\/uploads\/2025\/02\/Gross-IMG_9158-225x300.jpeg 225w, http:\/\/gastroblog.myhannover.de\/wp-content\/uploads\/2025\/02\/Gross-IMG_9158.jpeg 960w\" sizes=\"auto, (max-width: 768px) 100vw, 768px\" \/><figcaption class=\"wp-element-caption\">zum Nachtisch<\/figcaption><\/figure>\n<\/figure>\n\n\n\n<p>Ein kleines (nicht kulinarisches) Gimmick ist, dass f\u00fcr jeden Gast eine Besteckschublade vorgesehen ist. So liegt das Besteck nicht in Massen auf dem Tisch herum, sondern man kann es sich nach Belieben zu jedem Gang aus der Schublade holen, lustig.<\/p>\n\n\n\n<figure class=\"wp-block-image size-large\"><img loading=\"lazy\" decoding=\"async\" width=\"1024\" height=\"768\" src=\"http:\/\/gastroblog.myhannover.de\/wp-content\/uploads\/2025\/02\/Gross-IMG_9146-1024x768.jpeg\" alt=\"\" class=\"wp-image-448\" srcset=\"http:\/\/gastroblog.myhannover.de\/wp-content\/uploads\/2025\/02\/Gross-IMG_9146-1024x768.jpeg 1024w, http:\/\/gastroblog.myhannover.de\/wp-content\/uploads\/2025\/02\/Gross-IMG_9146-300x225.jpeg 300w, http:\/\/gastroblog.myhannover.de\/wp-content\/uploads\/2025\/02\/Gross-IMG_9146-768x576.jpeg 768w, http:\/\/gastroblog.myhannover.de\/wp-content\/uploads\/2025\/02\/Gross-IMG_9146.jpeg 1280w\" sizes=\"auto, (max-width: 1024px) 100vw, 1024px\" \/><\/figure>\n\n\n\n<p>Zeit f\u00fcr&#8217;s Fazit. Ja, hier ist alles speziell, das mag nicht f\u00fcr jede(n) passen. Uns hat das zu 100% abgeholt, wir verliessen das Lokal wohl ges\u00e4ttigt und mehr als begeistert ob des kulinarischen Potentials, welches hier aus &#8222;Gem\u00fcse&#8220; hervorgeholt wird.<br>Klar, da wird schon ein ambitionierter Preis aufgerufen, aber hier kann man sich wirklich mal was Besonderes g\u00f6nnen (die Karte wechselt alle 2-3 Monate) und sofern man es eben mag, einen Abend kulinarischer Spitzenklasse erleben, ok nun habe ich genug Lob gehudelt \ud83d\ude09<\/p>\n\n\n\n<p>\/<a href=\"https:\/\/www.ruepel.bar\/\">www.ruepel.bar<\/a><\/p>\n\n\n\n<p><\/p>\n\n\n\n<p><\/p>\n","protected":false},"excerpt":{"rendered":"<p>Was denn, gleich schon wieder ein Besuchsbericht? Der gestrige war ja schon ein Weilchen \u00fcberf\u00e4llig, aber der Ausflug gestern Abend war so spannend, dass ich sogleich dar\u00fcber berichten muss. Wir hatten mit unserer Freundin Sabine schon l\u00e4nger den Plan gefasst, dem &#8222;R\u00fcpel&#8220; in Linden einen Besuch abzustatten, ist es doch schon des \u00f6fteren positiv besprochen&hellip; <a class=\"more-link\" href=\"http:\/\/gastroblog.myhannover.de\/?p=444\"><span class=\"screen-reader-text\">R\u00fcpel<\/span> weiterlesen<\/a><\/p>\n","protected":false},"author":1,"featured_media":456,"comment_status":"closed","ping_status":"closed","sticky":false,"template":"","format":"standard","meta":{"footnotes":""},"categories":[2],"tags":[22,27,29,28],"class_list":["post-444","post","type-post","status-publish","format-standard","has-post-thumbnail","hentry","category-restaurantbesuch","tag-fine-dining","tag-gemuese","tag-vegan","tag-vegetarisch","entry"],"_links":{"self":[{"href":"http:\/\/gastroblog.myhannover.de\/index.php?rest_route=\/wp\/v2\/posts\/444","targetHints":{"allow":["GET"]}}],"collection":[{"href":"http:\/\/gastroblog.myhannover.de\/index.php?rest_route=\/wp\/v2\/posts"}],"about":[{"href":"http:\/\/gastroblog.myhannover.de\/index.php?rest_route=\/wp\/v2\/types\/post"}],"author":[{"embeddable":true,"href":"http:\/\/gastroblog.myhannover.de\/index.php?rest_route=\/wp\/v2\/users\/1"}],"replies":[{"embeddable":true,"href":"http:\/\/gastroblog.myhannover.de\/index.php?rest_route=%2Fwp%2Fv2%2Fcomments&post=444"}],"version-history":[{"count":4,"href":"http:\/\/gastroblog.myhannover.de\/index.php?rest_route=\/wp\/v2\/posts\/444\/revisions"}],"predecessor-version":[{"id":464,"href":"http:\/\/gastroblog.myhannover.de\/index.php?rest_route=\/wp\/v2\/posts\/444\/revisions\/464"}],"wp:featuredmedia":[{"embeddable":true,"href":"http:\/\/gastroblog.myhannover.de\/index.php?rest_route=\/wp\/v2\/media\/456"}],"wp:attachment":[{"href":"http:\/\/gastroblog.myhannover.de\/index.php?rest_route=%2Fwp%2Fv2%2Fmedia&parent=444"}],"wp:term":[{"taxonomy":"category","embeddable":true,"href":"http:\/\/gastroblog.myhannover.de\/index.php?rest_route=%2Fwp%2Fv2%2Fcategories&post=444"},{"taxonomy":"post_tag","embeddable":true,"href":"http:\/\/gastroblog.myhannover.de\/index.php?rest_route=%2Fwp%2Fv2%2Ftags&post=444"}],"curies":[{"name":"wp","href":"https:\/\/api.w.org\/{rel}","templated":true}]}}