{"id":358,"date":"2024-08-11T14:21:39","date_gmt":"2024-08-11T12:21:39","guid":{"rendered":"http:\/\/gastroblog.myhannover.de\/?p=358"},"modified":"2024-08-11T14:21:39","modified_gmt":"2024-08-11T12:21:39","slug":"canon-de-pao","status":"publish","type":"post","link":"http:\/\/gastroblog.myhannover.de\/?p=358","title":{"rendered":"Canon de Pao"},"content":{"rendered":"\n<p>Ach du liebe Zeit, wie lange ist es wohl her, dass ich bei einem Spanier in der Charlottenstra\u00dfe war? Was waren das noch f\u00fcr Zeiten, als das Comite de futbal (naja so \u00e4hnlich) das Mass aller Dinge f\u00fcr einen mehr als unterhaltsamen Abend war. Gegrillte Gambas f\u00fcr 1 DM das St\u00fcck, Aioli mit Brot 1,50 DM und ein spanischer &#8222;Salat&#8220; f\u00fcr 3 DM, dazu g\u00fcnstiger Wein und Sangria, eine Glotze mit irgendeinem Sportkanal aus Spanien, nackte Resopaltische, Pokale zur Deko und diese praktischen Serviettenspender mit diesen fast nutzlosen, d\u00fcnnen Bl\u00e4ttchen, die &#8222;Karte&#8220; war ein Blatt DIN-A5 auf einem Klemmbrettchen&#8230; herrlich!<\/p>\n\n\n\n<p>Leider versuchte sich das Comite irgendwann in hippem Zeitgeist und verschwand dann einfach so, genau wie Jahrzehnte sp\u00e4ter das Deisterst\u00fcbchen, was f\u00fcr ein Verlust. <\/p>\n\n\n\n<p>Und dann gab es in der Charlottenstra\u00dfe noch einen Portugiesen, aber auch den gibt es nicht mehr, mein Freund Klaus konnte sich noch an den Namen erinnern, Coimbra war es wohl und das schwebte mir zum Feierabend vor, aber mangels Lokal wurde es eben das Canon de Pao, das es vor 30, 40 Jahren auch schon gegeben hatte. Seinerzeit gab es im &#8222;Hannover geht aus&#8220; mehr als 30 Spanier und ich hatte mit einem guten Freund damals das Projekt, jeden dieser Spanier zumindest einmal zu besuchen. Ich glaube, wir haben so 28 geschafft, aber irgendwann war es dann doch genug \ud83d\ude09<\/p>\n\n\n\n<p>Es ist ein sch\u00f6ner, warmer Abend und so k\u00f6nnen wir direkt auf dem Fu\u00dfweg der Charlottenstra\u00dfe Platz nehmen, ein frisch gezapftes Estrella vom Fass ist der ideale Start f\u00fcr den Abend. Besonders erfreulich, neben dem Angebot der Speisekarte gibt es auf einer Tafel noch eine ganze Reihe von Tagesempfehlungen. Und die haben gl\u00fccklicherweise nichts mit dem \u00fcblichen Convenience-Wahnsinn der meisten spanischen Lokale zu tun. So gibt es nach dem obligatorischen Start mit Aioli, welche hausgemacht erscheint, eine leckere Portion Miesmuscheln mit einer Art Vinaigrette. <\/p>\n\n\n\n<figure class=\"wp-block-image size-large\"><img loading=\"lazy\" decoding=\"async\" width=\"768\" height=\"1024\" src=\"http:\/\/gastroblog.myhannover.de\/wp-content\/uploads\/2024\/08\/IMG_8828-768x1024.jpg\" alt=\"\" class=\"wp-image-359\" srcset=\"http:\/\/gastroblog.myhannover.de\/wp-content\/uploads\/2024\/08\/IMG_8828-768x1024.jpg 768w, http:\/\/gastroblog.myhannover.de\/wp-content\/uploads\/2024\/08\/IMG_8828-225x300.jpg 225w, http:\/\/gastroblog.myhannover.de\/wp-content\/uploads\/2024\/08\/IMG_8828-1152x1536.jpg 1152w, http:\/\/gastroblog.myhannover.de\/wp-content\/uploads\/2024\/08\/IMG_8828-1536x2048.jpg 1536w, http:\/\/gastroblog.myhannover.de\/wp-content\/uploads\/2024\/08\/IMG_8828-1568x2091.jpg 1568w, http:\/\/gastroblog.myhannover.de\/wp-content\/uploads\/2024\/08\/IMG_8828-scaled.jpg 1920w\" sizes=\"auto, (max-width: 768px) 100vw, 768px\" \/><\/figure>\n\n\n\n<p>Weiter geht es mit Leber auf geschmorten Zwiebeln, ganz lecker abgeschmeckt. <\/p>\n\n\n\n<figure class=\"wp-block-image size-large\"><img loading=\"lazy\" decoding=\"async\" width=\"768\" height=\"1024\" src=\"http:\/\/gastroblog.myhannover.de\/wp-content\/uploads\/2024\/08\/IMG_8829-768x1024.jpg\" alt=\"\" class=\"wp-image-360\" srcset=\"http:\/\/gastroblog.myhannover.de\/wp-content\/uploads\/2024\/08\/IMG_8829-768x1024.jpg 768w, http:\/\/gastroblog.myhannover.de\/wp-content\/uploads\/2024\/08\/IMG_8829-225x300.jpg 225w, http:\/\/gastroblog.myhannover.de\/wp-content\/uploads\/2024\/08\/IMG_8829-1152x1536.jpg 1152w, http:\/\/gastroblog.myhannover.de\/wp-content\/uploads\/2024\/08\/IMG_8829-1536x2048.jpg 1536w, http:\/\/gastroblog.myhannover.de\/wp-content\/uploads\/2024\/08\/IMG_8829-1568x2091.jpg 1568w, http:\/\/gastroblog.myhannover.de\/wp-content\/uploads\/2024\/08\/IMG_8829-scaled.jpg 1920w\" sizes=\"auto, (max-width: 768px) 100vw, 768px\" \/><\/figure>\n\n\n\n<p>Und schlie\u00dflich Schnecken in einer w\u00fcrzig-scharfen Sosse mit Rauchpaprika kr\u00e4ftig abgeschmeckt. <\/p>\n\n\n\n<figure class=\"wp-block-image size-large\"><img loading=\"lazy\" decoding=\"async\" width=\"768\" height=\"1024\" src=\"http:\/\/gastroblog.myhannover.de\/wp-content\/uploads\/2024\/08\/IMG_8831-1-768x1024.jpg\" alt=\"\" class=\"wp-image-362\" srcset=\"http:\/\/gastroblog.myhannover.de\/wp-content\/uploads\/2024\/08\/IMG_8831-1-768x1024.jpg 768w, http:\/\/gastroblog.myhannover.de\/wp-content\/uploads\/2024\/08\/IMG_8831-1-225x300.jpg 225w, http:\/\/gastroblog.myhannover.de\/wp-content\/uploads\/2024\/08\/IMG_8831-1-1152x1536.jpg 1152w, http:\/\/gastroblog.myhannover.de\/wp-content\/uploads\/2024\/08\/IMG_8831-1-1536x2048.jpg 1536w, http:\/\/gastroblog.myhannover.de\/wp-content\/uploads\/2024\/08\/IMG_8831-1-1568x2091.jpg 1568w, http:\/\/gastroblog.myhannover.de\/wp-content\/uploads\/2024\/08\/IMG_8831-1-scaled.jpg 1920w\" sizes=\"auto, (max-width: 768px) 100vw, 768px\" \/><\/figure>\n\n\n\n<p>Das ganz s\u00fcffig begleitet von einem Sauvignon Blanc vom Marques de Riscal, welcher uns auch schon Jahrzehnte begleitet, nur dass er vor 30 Jahren nur die H\u00e4lfte der jetzigen 33\u20ac gekostet hat \ud83d\ude09<\/p>\n\n\n\n<p>Das Nachtisch Trio, hausgemachter Zitronen-Flan, <\/p>\n\n\n\n<figure class=\"wp-block-image size-large\"><img loading=\"lazy\" decoding=\"async\" width=\"768\" height=\"1024\" src=\"http:\/\/gastroblog.myhannover.de\/wp-content\/uploads\/2024\/08\/IMG_8832-768x1024.jpg\" alt=\"\" class=\"wp-image-363\" srcset=\"http:\/\/gastroblog.myhannover.de\/wp-content\/uploads\/2024\/08\/IMG_8832-768x1024.jpg 768w, http:\/\/gastroblog.myhannover.de\/wp-content\/uploads\/2024\/08\/IMG_8832-225x300.jpg 225w, http:\/\/gastroblog.myhannover.de\/wp-content\/uploads\/2024\/08\/IMG_8832-1152x1536.jpg 1152w, http:\/\/gastroblog.myhannover.de\/wp-content\/uploads\/2024\/08\/IMG_8832-1536x2048.jpg 1536w, http:\/\/gastroblog.myhannover.de\/wp-content\/uploads\/2024\/08\/IMG_8832-1568x2091.jpg 1568w, http:\/\/gastroblog.myhannover.de\/wp-content\/uploads\/2024\/08\/IMG_8832-scaled.jpg 1920w\" sizes=\"auto, (max-width: 768px) 100vw, 768px\" \/><\/figure>\n\n\n\n<p>ein Carajillo und ein Carlos I, rundet diesen wunderbaren, an gute alte Zeiten ankn\u00fcpfenden Abend erfreulich ab. Das wird wiederholt, keine Frage!<\/p>\n\n\n\n<p>\/<a href=\"https:\/\/spanier-in-hannover.de\/speisekarte\">https:\/\/spanier-in-hannover.de\/speisekarte<\/a><\/p>\n\n\n\n<p><\/p>\n","protected":false},"excerpt":{"rendered":"<p>Ach du liebe Zeit, wie lange ist es wohl her, dass ich bei einem Spanier in der Charlottenstra\u00dfe war? Was waren das noch f\u00fcr Zeiten, als das Comite de futbal (naja so \u00e4hnlich) das Mass aller Dinge f\u00fcr einen mehr als unterhaltsamen Abend war. Gegrillte Gambas f\u00fcr 1 DM das St\u00fcck, Aioli mit Brot 1,50&hellip; <a class=\"more-link\" href=\"http:\/\/gastroblog.myhannover.de\/?p=358\"><span class=\"screen-reader-text\">Canon de Pao<\/span> weiterlesen<\/a><\/p>\n","protected":false},"author":1,"featured_media":359,"comment_status":"closed","ping_status":"closed","sticky":false,"template":"","format":"standard","meta":{"footnotes":""},"categories":[2],"tags":[21],"class_list":["post-358","post","type-post","status-publish","format-standard","has-post-thumbnail","hentry","category-restaurantbesuch","tag-spanien","entry"],"_links":{"self":[{"href":"http:\/\/gastroblog.myhannover.de\/index.php?rest_route=\/wp\/v2\/posts\/358","targetHints":{"allow":["GET"]}}],"collection":[{"href":"http:\/\/gastroblog.myhannover.de\/index.php?rest_route=\/wp\/v2\/posts"}],"about":[{"href":"http:\/\/gastroblog.myhannover.de\/index.php?rest_route=\/wp\/v2\/types\/post"}],"author":[{"embeddable":true,"href":"http:\/\/gastroblog.myhannover.de\/index.php?rest_route=\/wp\/v2\/users\/1"}],"replies":[{"embeddable":true,"href":"http:\/\/gastroblog.myhannover.de\/index.php?rest_route=%2Fwp%2Fv2%2Fcomments&post=358"}],"version-history":[{"count":1,"href":"http:\/\/gastroblog.myhannover.de\/index.php?rest_route=\/wp\/v2\/posts\/358\/revisions"}],"predecessor-version":[{"id":364,"href":"http:\/\/gastroblog.myhannover.de\/index.php?rest_route=\/wp\/v2\/posts\/358\/revisions\/364"}],"wp:featuredmedia":[{"embeddable":true,"href":"http:\/\/gastroblog.myhannover.de\/index.php?rest_route=\/wp\/v2\/media\/359"}],"wp:attachment":[{"href":"http:\/\/gastroblog.myhannover.de\/index.php?rest_route=%2Fwp%2Fv2%2Fmedia&parent=358"}],"wp:term":[{"taxonomy":"category","embeddable":true,"href":"http:\/\/gastroblog.myhannover.de\/index.php?rest_route=%2Fwp%2Fv2%2Fcategories&post=358"},{"taxonomy":"post_tag","embeddable":true,"href":"http:\/\/gastroblog.myhannover.de\/index.php?rest_route=%2Fwp%2Fv2%2Ftags&post=358"}],"curies":[{"name":"wp","href":"https:\/\/api.w.org\/{rel}","templated":true}]}}