{"id":278,"date":"2023-02-25T17:49:59","date_gmt":"2023-02-25T16:49:59","guid":{"rendered":"http:\/\/gastroblog.myhannover.de\/?p=278"},"modified":"2023-02-25T17:49:59","modified_gmt":"2023-02-25T16:49:59","slug":"visier","status":"publish","type":"post","link":"http:\/\/gastroblog.myhannover.de\/?p=278","title":{"rendered":"Visier"},"content":{"rendered":"\n<p>Lehrte&#8230; darauf muss man erstmal kommen, in unserem Fall war es die Mutter eines guten Freundes, die uns schon des \u00f6fteren davon berichtet hatte, dass es in Lehrte, in durchaus \u00fcberraschendem Ambiente, ein lukullisches Kleinod gibt. Und als w\u00e4re das noch nicht genug, so ver\u00f6ffentlicht die HAZ just einen Tag nach unserem Besuch am 24. Februar 2023 eine Restaurantbesprechung von Herrn Finkbeiner, lustig. Diese Woche klappte es jedenfalls spontan, einen Termin festzuzurren und so sitzen wir nun in illustrer Runde im Visier und freuen uns auf die Dinge, die da kommen m\u00f6gen, und wie sich rausstellt zu recht.<\/p>\n\n\n\n<p>Es gibt zwar ein paar Kleinigkeiten, die man anmerken k\u00f6nnte, wie die Inneneinrichtung, oder mit Papierservietten kaschierte L\u00f6cher in den Stoffservietten, aber ganz ehrlich, im Lichte der wirklich freundlichen und zuvorkommenden Servicekraft ist das alles &#8222;Pillepalle&#8220;, zuz\u00fcglich dessen, was wir gleich zu uns nehmen werden und zu guter Letzt der wirklich moderaten Preisgestaltung, die man mittlerweile mit der Lupe suchen kann.<\/p>\n\n\n\n<p>Mit einer sch\u00f6nen Brotauswahl, Tomatenmarmelade, Butter und hausgemachtem Rauchsalz geht es los, dazu k\u00f6stlichen deutschen Winzersekt.<\/p>\n\n\n\n<figure class=\"wp-block-image size-large is-resized\"><img loading=\"lazy\" decoding=\"async\" src=\"http:\/\/gastroblog.myhannover.de\/wp-content\/uploads\/2023\/02\/IMG_8105-1024x768.jpg\" alt=\"\" class=\"wp-image-279\" width=\"610\" height=\"457\" srcset=\"http:\/\/gastroblog.myhannover.de\/wp-content\/uploads\/2023\/02\/IMG_8105-1024x768.jpg 1024w, http:\/\/gastroblog.myhannover.de\/wp-content\/uploads\/2023\/02\/IMG_8105-300x225.jpg 300w, http:\/\/gastroblog.myhannover.de\/wp-content\/uploads\/2023\/02\/IMG_8105-768x576.jpg 768w, http:\/\/gastroblog.myhannover.de\/wp-content\/uploads\/2023\/02\/IMG_8105-1536x1152.jpg 1536w, http:\/\/gastroblog.myhannover.de\/wp-content\/uploads\/2023\/02\/IMG_8105-2048x1536.jpg 2048w, http:\/\/gastroblog.myhannover.de\/wp-content\/uploads\/2023\/02\/IMG_8105-1568x1176.jpg 1568w\" sizes=\"auto, (max-width: 610px) 100vw, 610px\" \/><figcaption class=\"wp-element-caption\">Einstieg<\/figcaption><\/figure>\n\n\n\n<p>Nach diesem vertrauenserweckenden Einstieg folgt ein Gruss aus der K\u00fcche, nicht minder attraktiv<\/p>\n\n\n\n<figure class=\"wp-block-image size-large\"><img loading=\"lazy\" decoding=\"async\" width=\"1024\" height=\"768\" src=\"http:\/\/gastroblog.myhannover.de\/wp-content\/uploads\/2023\/02\/IMG_8106-1024x768.jpg\" alt=\"\" class=\"wp-image-280\" srcset=\"http:\/\/gastroblog.myhannover.de\/wp-content\/uploads\/2023\/02\/IMG_8106-1024x768.jpg 1024w, http:\/\/gastroblog.myhannover.de\/wp-content\/uploads\/2023\/02\/IMG_8106-300x225.jpg 300w, http:\/\/gastroblog.myhannover.de\/wp-content\/uploads\/2023\/02\/IMG_8106-768x576.jpg 768w, http:\/\/gastroblog.myhannover.de\/wp-content\/uploads\/2023\/02\/IMG_8106-1536x1152.jpg 1536w, http:\/\/gastroblog.myhannover.de\/wp-content\/uploads\/2023\/02\/IMG_8106-2048x1536.jpg 2048w, http:\/\/gastroblog.myhannover.de\/wp-content\/uploads\/2023\/02\/IMG_8106-1568x1176.jpg 1568w\" sizes=\"auto, (max-width: 1024px) 100vw, 1024px\" \/><figcaption class=\"wp-element-caption\">Gruss aus der K\u00fcche &#8211; Lachs, Spanferkel, Sauerkraut Champagner S\u00fcppchen<\/figcaption><\/figure>\n\n\n\n<p>Wenn das so weitergeht&#8230; man hat keinerlei Sorgen, man k\u00f6nne nicht satt werden. Also ran an den n\u00e4chsten Gang<\/p>\n\n\n\n<figure class=\"wp-block-image size-large\"><img loading=\"lazy\" decoding=\"async\" width=\"1024\" height=\"768\" src=\"http:\/\/gastroblog.myhannover.de\/wp-content\/uploads\/2023\/02\/IMG_8107-1024x768.jpg\" alt=\"\" class=\"wp-image-281\" srcset=\"http:\/\/gastroblog.myhannover.de\/wp-content\/uploads\/2023\/02\/IMG_8107-1024x768.jpg 1024w, http:\/\/gastroblog.myhannover.de\/wp-content\/uploads\/2023\/02\/IMG_8107-300x225.jpg 300w, http:\/\/gastroblog.myhannover.de\/wp-content\/uploads\/2023\/02\/IMG_8107-768x576.jpg 768w, http:\/\/gastroblog.myhannover.de\/wp-content\/uploads\/2023\/02\/IMG_8107-1536x1152.jpg 1536w, http:\/\/gastroblog.myhannover.de\/wp-content\/uploads\/2023\/02\/IMG_8107-2048x1536.jpg 2048w, http:\/\/gastroblog.myhannover.de\/wp-content\/uploads\/2023\/02\/IMG_8107-1568x1176.jpg 1568w\" sizes=\"auto, (max-width: 1024px) 100vw, 1024px\" \/><figcaption class=\"wp-element-caption\">Thunfisch, Pastinakenp\u00fcree, Schwarzkohl, Granatapfel, Holunder, Hummerschaum<\/figcaption><\/figure>\n\n\n\n<p>In angenehmer Taktung geht es weiter, <\/p>\n\n\n\n<figure class=\"wp-block-gallery has-nested-images columns-default is-cropped wp-block-gallery-1 is-layout-flex wp-block-gallery-is-layout-flex\">\n<figure class=\"wp-block-image size-large\"><img loading=\"lazy\" decoding=\"async\" width=\"768\" height=\"1024\" data-id=\"282\" src=\"http:\/\/gastroblog.myhannover.de\/wp-content\/uploads\/2023\/02\/IMG_8108-768x1024.jpg\" alt=\"\" class=\"wp-image-282\" srcset=\"http:\/\/gastroblog.myhannover.de\/wp-content\/uploads\/2023\/02\/IMG_8108-768x1024.jpg 768w, http:\/\/gastroblog.myhannover.de\/wp-content\/uploads\/2023\/02\/IMG_8108-225x300.jpg 225w, http:\/\/gastroblog.myhannover.de\/wp-content\/uploads\/2023\/02\/IMG_8108-1152x1536.jpg 1152w, http:\/\/gastroblog.myhannover.de\/wp-content\/uploads\/2023\/02\/IMG_8108-1536x2048.jpg 1536w, http:\/\/gastroblog.myhannover.de\/wp-content\/uploads\/2023\/02\/IMG_8108-1568x2091.jpg 1568w, http:\/\/gastroblog.myhannover.de\/wp-content\/uploads\/2023\/02\/IMG_8108-scaled.jpg 1920w\" sizes=\"auto, (max-width: 768px) 100vw, 768px\" \/><figcaption class=\"wp-element-caption\">vor dem Angiessen<\/figcaption><\/figure>\n\n\n\n<figure class=\"wp-block-image size-large\"><img loading=\"lazy\" decoding=\"async\" width=\"768\" height=\"1024\" data-id=\"283\" src=\"http:\/\/gastroblog.myhannover.de\/wp-content\/uploads\/2023\/02\/IMG_8109-768x1024.jpg\" alt=\"\" class=\"wp-image-283\" srcset=\"http:\/\/gastroblog.myhannover.de\/wp-content\/uploads\/2023\/02\/IMG_8109-768x1024.jpg 768w, http:\/\/gastroblog.myhannover.de\/wp-content\/uploads\/2023\/02\/IMG_8109-225x300.jpg 225w, http:\/\/gastroblog.myhannover.de\/wp-content\/uploads\/2023\/02\/IMG_8109-1152x1536.jpg 1152w, http:\/\/gastroblog.myhannover.de\/wp-content\/uploads\/2023\/02\/IMG_8109-1536x2048.jpg 1536w, http:\/\/gastroblog.myhannover.de\/wp-content\/uploads\/2023\/02\/IMG_8109-1568x2091.jpg 1568w, http:\/\/gastroblog.myhannover.de\/wp-content\/uploads\/2023\/02\/IMG_8109-scaled.jpg 1920w\" sizes=\"auto, (max-width: 768px) 100vw, 768px\" \/><figcaption class=\"wp-element-caption\">Currycreme S\u00fcppchen mit Garnele, Fenchel und Champignons<\/figcaption><\/figure>\n<\/figure>\n\n\n\n<p>Wunderbare Konsistenz mit perfekter Sch\u00e4rfe, da gibt es nix zu meckern.<\/p>\n\n\n\n<p>Nun auf zum Hauptgang, gegeizt wird hier wahrlich nicht, weder von der Menge her als auch im Besonderen vom Geschmack!<\/p>\n\n\n\n<figure class=\"wp-block-image size-large\"><img loading=\"lazy\" decoding=\"async\" width=\"1024\" height=\"768\" src=\"http:\/\/gastroblog.myhannover.de\/wp-content\/uploads\/2023\/02\/IMG_8110-1024x768.jpg\" alt=\"\" class=\"wp-image-284\" srcset=\"http:\/\/gastroblog.myhannover.de\/wp-content\/uploads\/2023\/02\/IMG_8110-1024x768.jpg 1024w, http:\/\/gastroblog.myhannover.de\/wp-content\/uploads\/2023\/02\/IMG_8110-300x225.jpg 300w, http:\/\/gastroblog.myhannover.de\/wp-content\/uploads\/2023\/02\/IMG_8110-768x576.jpg 768w, http:\/\/gastroblog.myhannover.de\/wp-content\/uploads\/2023\/02\/IMG_8110-1536x1152.jpg 1536w, http:\/\/gastroblog.myhannover.de\/wp-content\/uploads\/2023\/02\/IMG_8110-2048x1536.jpg 2048w, http:\/\/gastroblog.myhannover.de\/wp-content\/uploads\/2023\/02\/IMG_8110-1568x1176.jpg 1568w\" sizes=\"auto, (max-width: 1024px) 100vw, 1024px\" \/><figcaption class=\"wp-element-caption\">Rehfilet in Parmaschinken, Kalbsb\u00e4ckchen mit Rote Beete Crunch, Kartoffelkl\u00f6sschen auf Kohl,  Mohnkart\u00f6ffelchen<\/figcaption><\/figure>\n\n\n\n<p>Nun sind wir fast am Ende angekommen, ein sch\u00f6nes Dessert rundet dieses wunderbare Men\u00fc ab:<\/p>\n\n\n\n<figure class=\"wp-block-image size-large\"><img loading=\"lazy\" decoding=\"async\" width=\"768\" height=\"1024\" src=\"http:\/\/gastroblog.myhannover.de\/wp-content\/uploads\/2023\/02\/IMG_8111-768x1024.jpg\" alt=\"\" class=\"wp-image-285\" srcset=\"http:\/\/gastroblog.myhannover.de\/wp-content\/uploads\/2023\/02\/IMG_8111-768x1024.jpg 768w, http:\/\/gastroblog.myhannover.de\/wp-content\/uploads\/2023\/02\/IMG_8111-225x300.jpg 225w, http:\/\/gastroblog.myhannover.de\/wp-content\/uploads\/2023\/02\/IMG_8111-1152x1536.jpg 1152w, http:\/\/gastroblog.myhannover.de\/wp-content\/uploads\/2023\/02\/IMG_8111-1536x2048.jpg 1536w, http:\/\/gastroblog.myhannover.de\/wp-content\/uploads\/2023\/02\/IMG_8111-1568x2091.jpg 1568w, http:\/\/gastroblog.myhannover.de\/wp-content\/uploads\/2023\/02\/IMG_8111-scaled.jpg 1920w\" sizes=\"auto, (max-width: 768px) 100vw, 768px\" \/><figcaption class=\"wp-element-caption\">Mango Sorbet, Caramel Cheesecake,\nPflaume, Granatapfel Pflaumen Mousse<\/figcaption><\/figure>\n\n\n\n<p>Als Weinbegleitung hatten wir einen angenehmen Grauburgunder, der sich mit guter Frucht und wenig S\u00e4ure gut mit den vielf\u00e4ltigen Aromen und Geschm\u00e4ckern des Men\u00fcs zu arrangieren wusste.<\/p>\n\n\n\n<p>Fazit: eine absolute \u00dcberraschung &#8222;irgendwo in Lehrte&#8220;. Super netter Service, angenehmes Ambiente, extrem leckeres Essen und eine moderate Preisgestaltung, kein Wunder, dass hier immer was los ist.<\/p>\n\n\n\n<p><a href=\"https:\/\/www.restaurant-visier.de\">https:\/\/www.restaurant-visier.de<\/a><\/p>\n","protected":false},"excerpt":{"rendered":"<p>Lehrte&#8230; darauf muss man erstmal kommen, in unserem Fall war es die Mutter eines guten Freundes, die uns schon des \u00f6fteren davon berichtet hatte, dass es in Lehrte, in durchaus \u00fcberraschendem Ambiente, ein lukullisches Kleinod gibt. Und als w\u00e4re das noch nicht genug, so ver\u00f6ffentlicht die HAZ just einen Tag nach unserem Besuch am 24.&hellip; <a class=\"more-link\" href=\"http:\/\/gastroblog.myhannover.de\/?p=278\"><span class=\"screen-reader-text\">Visier<\/span> weiterlesen<\/a><\/p>\n","protected":false},"author":1,"featured_media":280,"comment_status":"closed","ping_status":"closed","sticky":false,"template":"","format":"standard","meta":{"footnotes":""},"categories":[2],"tags":[],"class_list":["post-278","post","type-post","status-publish","format-standard","has-post-thumbnail","hentry","category-restaurantbesuch","entry"],"_links":{"self":[{"href":"http:\/\/gastroblog.myhannover.de\/index.php?rest_route=\/wp\/v2\/posts\/278","targetHints":{"allow":["GET"]}}],"collection":[{"href":"http:\/\/gastroblog.myhannover.de\/index.php?rest_route=\/wp\/v2\/posts"}],"about":[{"href":"http:\/\/gastroblog.myhannover.de\/index.php?rest_route=\/wp\/v2\/types\/post"}],"author":[{"embeddable":true,"href":"http:\/\/gastroblog.myhannover.de\/index.php?rest_route=\/wp\/v2\/users\/1"}],"replies":[{"embeddable":true,"href":"http:\/\/gastroblog.myhannover.de\/index.php?rest_route=%2Fwp%2Fv2%2Fcomments&post=278"}],"version-history":[{"count":1,"href":"http:\/\/gastroblog.myhannover.de\/index.php?rest_route=\/wp\/v2\/posts\/278\/revisions"}],"predecessor-version":[{"id":286,"href":"http:\/\/gastroblog.myhannover.de\/index.php?rest_route=\/wp\/v2\/posts\/278\/revisions\/286"}],"wp:featuredmedia":[{"embeddable":true,"href":"http:\/\/gastroblog.myhannover.de\/index.php?rest_route=\/wp\/v2\/media\/280"}],"wp:attachment":[{"href":"http:\/\/gastroblog.myhannover.de\/index.php?rest_route=%2Fwp%2Fv2%2Fmedia&parent=278"}],"wp:term":[{"taxonomy":"category","embeddable":true,"href":"http:\/\/gastroblog.myhannover.de\/index.php?rest_route=%2Fwp%2Fv2%2Fcategories&post=278"},{"taxonomy":"post_tag","embeddable":true,"href":"http:\/\/gastroblog.myhannover.de\/index.php?rest_route=%2Fwp%2Fv2%2Ftags&post=278"}],"curies":[{"name":"wp","href":"https:\/\/api.w.org\/{rel}","templated":true}]}}